{"id":792,"date":"2022-02-18T15:16:37","date_gmt":"2022-02-18T14:16:37","guid":{"rendered":"https:\/\/www.oudwoudenberg.nl\/?p=792"},"modified":"2024-09-17T16:09:53","modified_gmt":"2024-09-17T14:09:53","slug":"boeken-geschreven-door-wim-schipper","status":"publish","type":"post","link":"https:\/\/www.oudwoudenberg.nl\/?p=792","title":{"rendered":"Boeken geschreven door Wim Schipper"},"content":{"rendered":"\n<h2 class=\"wp-block-heading\" id=\"bakens-op-de-utrechtse-heuvelrug\">Bakens op de Utrechtse Heuvelrug<\/h2>\n\n\n<div class=\"wp-block-image\">\n<figure class=\"aligncenter size-full is-resized\"><img loading=\"lazy\" decoding=\"async\" width=\"382\" height=\"534\" src=\"https:\/\/www.oudwoudenberg.nl\/wp-content\/uploads\/2022\/02\/Bakens-Heuvelrug.jpg\" alt=\"\" class=\"wp-image-793\" style=\"width:231px;height:323px\" srcset=\"https:\/\/www.oudwoudenberg.nl\/wp-content\/uploads\/2022\/02\/Bakens-Heuvelrug.jpg 382w, https:\/\/www.oudwoudenberg.nl\/wp-content\/uploads\/2022\/02\/Bakens-Heuvelrug-215x300.jpg 215w, https:\/\/www.oudwoudenberg.nl\/wp-content\/uploads\/2022\/02\/Bakens-Heuvelrug-43x60.jpg 43w\" sizes=\"auto, (max-width: 382px) 100vw, 382px\" \/><\/figure>\n<\/div>\n\n\n<p class=\"has-white-color has-vivid-cyan-blue-background-color has-text-color has-background\">Beschrijvingen van 8 bezienswaardigheden in onze omgeving.<br>Bakens in vroegere tijden, nu minder zichtbaar.<br>Prijs 10\u20ac.<\/p>\n\n\n\n<h2 class=\"wp-block-heading\" id=\"ferme-jongens-stoere-knapen\">Ferme jongens, stoere knapen<\/h2>\n\n\n<div class=\"wp-block-image\">\n<figure class=\"aligncenter size-full is-resized\"><img loading=\"lazy\" decoding=\"async\" width=\"475\" height=\"633\" src=\"https:\/\/www.oudwoudenberg.nl\/wp-content\/uploads\/2022\/02\/Ferme-jongens.jpg\" alt=\"\" class=\"wp-image-800\" style=\"width:240px;height:320px\" srcset=\"https:\/\/www.oudwoudenberg.nl\/wp-content\/uploads\/2022\/02\/Ferme-jongens.jpg 475w, https:\/\/www.oudwoudenberg.nl\/wp-content\/uploads\/2022\/02\/Ferme-jongens-225x300.jpg 225w, https:\/\/www.oudwoudenberg.nl\/wp-content\/uploads\/2022\/02\/Ferme-jongens-45x60.jpg 45w\" sizes=\"auto, (max-width: 475px) 100vw, 475px\" \/><\/figure>\n<\/div>\n\n\n<p class=\"has-white-color has-vivid-cyan-blue-background-color has-text-color has-background\">Verhalen en weetjes over onze zee\u201dhelden\u201d.<br>Hoe was het leven vroeger aan boord?<br>Ze zijn als straatnamen in iedere plaats terug te vinden.<br>Prijs 6\u20ac.<\/p>\n\n\n\n<h2 class=\"wp-block-heading\" id=\"het-landschap-van-de-gelderse-vallei\">Het landschap van de Gelderse Vallei<\/h2>\n\n\n<div class=\"wp-block-image\">\n<figure class=\"aligncenter size-full is-resized\"><img loading=\"lazy\" decoding=\"async\" width=\"372\" height=\"496\" src=\"https:\/\/www.oudwoudenberg.nl\/wp-content\/uploads\/2022\/02\/Gelderse-Vallei.jpg\" alt=\"\" class=\"wp-image-801\" style=\"width:206px;height:275px\" srcset=\"https:\/\/www.oudwoudenberg.nl\/wp-content\/uploads\/2022\/02\/Gelderse-Vallei.jpg 372w, https:\/\/www.oudwoudenberg.nl\/wp-content\/uploads\/2022\/02\/Gelderse-Vallei-225x300.jpg 225w, https:\/\/www.oudwoudenberg.nl\/wp-content\/uploads\/2022\/02\/Gelderse-Vallei-45x60.jpg 45w\" sizes=\"auto, (max-width: 372px) 100vw, 372px\" \/><\/figure>\n<\/div>\n\n\n<p class=\"has-white-color has-vivid-cyan-blue-background-color has-text-color has-background\">Lees over het ontstaan van de Gelderse Vallei tijdens de voorlaatste ijstijd. <br>De Eemzee, de afwatering van de Grebbelinie.<br>Kortom een ontdekkingstocht door de Vallei. <br>Prijs 17,95\u20ac.<\/p>\n\n\n\n<h2 class=\"wp-block-heading\" id=\"hier-rust\">Hier rust\u2026.<\/h2>\n\n\n<div class=\"wp-block-image\">\n<figure class=\"aligncenter size-full is-resized\"><img loading=\"lazy\" decoding=\"async\" width=\"366\" height=\"516\" src=\"https:\/\/www.oudwoudenberg.nl\/wp-content\/uploads\/2022\/02\/Begraafplaats.jpg\" alt=\"\" class=\"wp-image-795\" style=\"width:211px;height:297px\" srcset=\"https:\/\/www.oudwoudenberg.nl\/wp-content\/uploads\/2022\/02\/Begraafplaats.jpg 366w, https:\/\/www.oudwoudenberg.nl\/wp-content\/uploads\/2022\/02\/Begraafplaats-213x300.jpg 213w, https:\/\/www.oudwoudenberg.nl\/wp-content\/uploads\/2022\/02\/Begraafplaats-43x60.jpg 43w\" sizes=\"auto, (max-width: 366px) 100vw, 366px\" \/><\/figure>\n<\/div>\n\n\n<p class=\"has-white-color has-vivid-cyan-blue-background-color has-text-color has-background\">Beschrijving van de begraafplaats in Woudenberg. <br>Weet u waarom\u00a0 de gordijnen gesloten worden en de klok geluid?<br>Vroeger de katholieken en de protestanten niet op \u00e9\u00e9n kerkhof begraven mochten.<br>Daarover leest u alles in dit mooi ge\u00efllustreerde boek.<br>Prijs 10\u20ac.<\/p>\n\n\n\n<h2 class=\"wp-block-heading\" id=\"op-de-overgang-van-hoog-naar-laag\">Op de overgang van hoog naar laag<\/h2>\n\n\n<div class=\"wp-block-image\">\n<figure class=\"aligncenter size-full is-resized\"><img loading=\"lazy\" decoding=\"async\" width=\"413\" height=\"550\" src=\"https:\/\/www.oudwoudenberg.nl\/wp-content\/uploads\/2022\/02\/Overgang-hoog-naar-laag.jpg\" alt=\"\" class=\"wp-image-802\" style=\"width:192px;height:256px\" srcset=\"https:\/\/www.oudwoudenberg.nl\/wp-content\/uploads\/2022\/02\/Overgang-hoog-naar-laag.jpg 413w, https:\/\/www.oudwoudenberg.nl\/wp-content\/uploads\/2022\/02\/Overgang-hoog-naar-laag-225x300.jpg 225w, https:\/\/www.oudwoudenberg.nl\/wp-content\/uploads\/2022\/02\/Overgang-hoog-naar-laag-45x60.jpg 45w\" sizes=\"auto, (max-width: 413px) 100vw, 413px\" \/><\/figure>\n<\/div>\n\n\n<p class=\"has-white-color has-vivid-cyan-blue-background-color has-text-color has-background\">Historie en natuur op de grens van de Utrechtse Heuvelrug en de Gelderse Vallei.<br>Beschrijvingen van o.a. landgoed Den Treek, de Leusderheide, Anderstein.<br>Prijs 10\u20ac.<\/p>\n\n\n\n<h2 class=\"wp-block-heading\" id=\"verleden-en-heden-van-de-treeker-eik\">Verleden&nbsp; en heden van de Treeker eik<\/h2>\n\n\n<div class=\"wp-block-image\">\n<figure class=\"aligncenter size-full is-resized\"><img loading=\"lazy\" decoding=\"async\" width=\"489\" height=\"652\" src=\"https:\/\/www.oudwoudenberg.nl\/wp-content\/uploads\/2022\/02\/Treeker-eik.jpg\" alt=\"\" class=\"wp-image-803\" style=\"width:204px;height:272px\" srcset=\"https:\/\/www.oudwoudenberg.nl\/wp-content\/uploads\/2022\/02\/Treeker-eik.jpg 489w, https:\/\/www.oudwoudenberg.nl\/wp-content\/uploads\/2022\/02\/Treeker-eik-225x300.jpg 225w, https:\/\/www.oudwoudenberg.nl\/wp-content\/uploads\/2022\/02\/Treeker-eik-45x60.jpg 45w\" sizes=\"auto, (max-width: 489px) 100vw, 489px\" \/><\/figure>\n<\/div>\n\n\n<p class=\"has-white-color has-vivid-cyan-blue-background-color has-text-color has-background\">Ter gelegenheid van de 250<sup>e<\/sup> verjaardag van de Treeker eik. <br>In vogelvlucht kunt u lezen over de ontstaansgeschiedenis van het landgoed Den Treek.<br>De eerste vermelding over dit landgoed vinden we in 1334!<br>Prijs 10\u20ac.<\/p>\n\n\n\n<h2 class=\"wp-block-heading\">Oorlogs-en bevrijdingsmonumenten in Woudenberg<\/h2>\n\n\n<div class=\"wp-block-image\">\n<figure class=\"aligncenter size-full is-resized\"><img loading=\"lazy\" decoding=\"async\" width=\"582\" height=\"768\" src=\"https:\/\/www.oudwoudenberg.nl\/wp-content\/uploads\/2022\/02\/OORLOGS-EN-bEVRIJDINGSMON.jpg\" alt=\"\" class=\"wp-image-807\" style=\"width:217px;height:286px\" srcset=\"https:\/\/www.oudwoudenberg.nl\/wp-content\/uploads\/2022\/02\/OORLOGS-EN-bEVRIJDINGSMON.jpg 582w, https:\/\/www.oudwoudenberg.nl\/wp-content\/uploads\/2022\/02\/OORLOGS-EN-bEVRIJDINGSMON-227x300.jpg 227w, https:\/\/www.oudwoudenberg.nl\/wp-content\/uploads\/2022\/02\/OORLOGS-EN-bEVRIJDINGSMON-45x60.jpg 45w\" sizes=\"auto, (max-width: 582px) 100vw, 582px\" \/><\/figure>\n<\/div>\n\n\n<p class=\"has-white-color has-vivid-cyan-blue-background-color has-text-color has-background\">In dit unieke boekwerkje met veel foto&#8217;s worden alle personen beschreven die tijdens de oorlog een link hebben gehad met Woudenberg of personen die uit deze plaats afkomstig waren.<br>Velen onder hen hebben hierbij het leven gelaten. De meesten leven dan ook voort op de vele<br>oorlogs- of bevrijdingsmonumenten in Woudenberg of elders waar hun namen voor eeuwig in<br>gebeiteld staan.<br>Ook worden de achtergronden waaronder ze zijn gestorven uitgebreid beschreven zoals: het leven in de werkkampen, concentratiekampen en Indonesi\u00eb.<br>Uiteraard wordt er bij alle monumenten zowel in Nederland als in het buitenland uitgebreid<br>stilgestaan.<br>Een zeer aanbevolen herinneringsboek over personen die in de Tweede Wereldoorlog een rol<br>hebben gespeeld in Woudenberg.<br>Prijs 12,50\u20ac.<\/p>\n","protected":false},"excerpt":{"rendered":"<p>Boeken geschreven door Wim Schipper.<\/p>\n","protected":false},"author":3550,"featured_media":1307,"comment_status":"closed","ping_status":"closed","sticky":false,"template":"","format":"standard","meta":{"footnotes":""},"categories":[8],"tags":[],"class_list":["post-792","post","type-post","status-publish","format-standard","has-post-thumbnail","hentry","category-winkeltje"],"_links":{"self":[{"href":"https:\/\/www.oudwoudenberg.nl\/index.php?rest_route=\/wp\/v2\/posts\/792","targetHints":{"allow":["GET"]}}],"collection":[{"href":"https:\/\/www.oudwoudenberg.nl\/index.php?rest_route=\/wp\/v2\/posts"}],"about":[{"href":"https:\/\/www.oudwoudenberg.nl\/index.php?rest_route=\/wp\/v2\/types\/post"}],"author":[{"embeddable":true,"href":"https:\/\/www.oudwoudenberg.nl\/index.php?rest_route=\/wp\/v2\/users\/3550"}],"replies":[{"embeddable":true,"href":"https:\/\/www.oudwoudenberg.nl\/index.php?rest_route=%2Fwp%2Fv2%2Fcomments&post=792"}],"version-history":[{"count":7,"href":"https:\/\/www.oudwoudenberg.nl\/index.php?rest_route=\/wp\/v2\/posts\/792\/revisions"}],"predecessor-version":[{"id":1674,"href":"https:\/\/www.oudwoudenberg.nl\/index.php?rest_route=\/wp\/v2\/posts\/792\/revisions\/1674"}],"wp:featuredmedia":[{"embeddable":true,"href":"https:\/\/www.oudwoudenberg.nl\/index.php?rest_route=\/wp\/v2\/media\/1307"}],"wp:attachment":[{"href":"https:\/\/www.oudwoudenberg.nl\/index.php?rest_route=%2Fwp%2Fv2%2Fmedia&parent=792"}],"wp:term":[{"taxonomy":"category","embeddable":true,"href":"https:\/\/www.oudwoudenberg.nl\/index.php?rest_route=%2Fwp%2Fv2%2Fcategories&post=792"},{"taxonomy":"post_tag","embeddable":true,"href":"https:\/\/www.oudwoudenberg.nl\/index.php?rest_route=%2Fwp%2Fv2%2Ftags&post=792"}],"curies":[{"name":"wp","href":"https:\/\/api.w.org\/{rel}","templated":true}]}}